{"id":1141,"date":"2019-05-08T09:58:51","date_gmt":"2019-05-08T07:58:51","guid":{"rendered":"https:\/\/www.poncetgroupe.com\/Creations-by-YGP\/?p=1141"},"modified":"2019-05-16T13:49:04","modified_gmt":"2019-05-16T11:49:04","slug":"jazz-quartet-s-by-ygp-at-the-bemol-5-8-30-pm-on-saturday-8-september-2018","status":"publish","type":"post","link":"https:\/\/www.poncetgroupe.com\/Creations-by-YGP\/en\/2019\/05\/08\/jazz-quartet-s-by-ygp-at-the-bemol-5-8-30-pm-on-saturday-8-september-2018\/","title":{"rendered":"Jazz Quartet \u00ab S \u00bb by YGP at the B\u00e9mol 5 (8.30 PM) On Saturday 8 September 2018"},"content":{"rendered":"<p><span lang=\"EN-GB\" style=\"margin: 0px; font-family: 'Arial',sans-serif; font-size: 10.5pt;\"><span style=\"color: #000000;\">Come and listen to Jazz Quartet \u00ab\u00a0S\u00a0\u00bb by YGP which will be on stage at the B\u00e9mol 5 at 8.30 PM on Saturday 8 September 2018<\/span><\/span><\/p>\n<p><span style=\"margin: 0px; font-family: 'Arial',sans-serif; font-size: 10.5pt;\"><span style=\"color: #000000;\">Yann-Ga\u00ebl Poncet (voice, violin), Jean-Paul Herv\u00e9 (guitar), Vincent Lafont (keys) and Philippe PIPON Garcia (drums).<\/span><\/span><\/p>\n<p>&nbsp;<\/p>\n<p><span style=\"margin: 0px; font-family: 'Arial',sans-serif; font-size: 10.5pt;\"><span style=\"color: #000000;\">B\u00e9mol 5\u00a0: 1 rue de la Baleine 69005 LYON<\/span><\/span><\/p>\n<p><span style=\"color: #000000;\"><span lang=\"EN-GB\" style=\"margin: 0px; font-family: 'Arial',sans-serif; font-size: 10.5pt;\">More information on the site of B\u00e9mol 5<\/span> <\/span>\u00a0(<a href=\"http:\/\/www.bemol5-jazz.com\/event\/jazz-club-jazz-quartet-s-8-septembre-2018\/\">ici<\/a>)<\/p>\n<p><span style=\"margin: 0px; font-family: 'Arial',sans-serif; font-size: 10.5pt;\"><span style=\"color: #000000;\">Or here <\/span><\/span>: http:\/\/www.bemol5-jazz.com\/event\/jazz-club-jazz-quartet-s-8-septembre-2018\/<\/p>\n","protected":false},"excerpt":{"rendered":"<p>Jazz Quartet \u00ab\u00a0S\u00a0\u00bb by YGP sera sur sc\u00e8ne au B\u00e9mol 5 \u00e0 20h30, le samedi 08 Septembre 2018<\/p>\n","protected":false},"author":1,"featured_media":1066,"comment_status":"open","ping_status":"open","sticky":false,"template":"","format":"standard","meta":{"_et_pb_use_builder":"","_et_pb_old_content":"","_et_gb_content_width":""},"categories":[160],"tags":[132,134,106,136,138,140,142,144,126,146],"_links":{"self":[{"href":"https:\/\/www.poncetgroupe.com\/Creations-by-YGP\/wp-json\/wp\/v2\/posts\/1141"}],"collection":[{"href":"https:\/\/www.poncetgroupe.com\/Creations-by-YGP\/wp-json\/wp\/v2\/posts"}],"about":[{"href":"https:\/\/www.poncetgroupe.com\/Creations-by-YGP\/wp-json\/wp\/v2\/types\/post"}],"author":[{"embeddable":true,"href":"https:\/\/www.poncetgroupe.com\/Creations-by-YGP\/wp-json\/wp\/v2\/users\/1"}],"replies":[{"embeddable":true,"href":"https:\/\/www.poncetgroupe.com\/Creations-by-YGP\/wp-json\/wp\/v2\/comments?post=1141"}],"version-history":[{"count":0,"href":"https:\/\/www.poncetgroupe.com\/Creations-by-YGP\/wp-json\/wp\/v2\/posts\/1141\/revisions"}],"wp:featuredmedia":[{"embeddable":true,"href":"https:\/\/www.poncetgroupe.com\/Creations-by-YGP\/wp-json\/wp\/v2\/media\/1066"}],"wp:attachment":[{"href":"https:\/\/www.poncetgroupe.com\/Creations-by-YGP\/wp-json\/wp\/v2\/media?parent=1141"}],"wp:term":[{"taxonomy":"category","embeddable":true,"href":"https:\/\/www.poncetgroupe.com\/Creations-by-YGP\/wp-json\/wp\/v2\/categories?post=1141"},{"taxonomy":"post_tag","embeddable":true,"href":"https:\/\/www.poncetgroupe.com\/Creations-by-YGP\/wp-json\/wp\/v2\/tags?post=1141"}],"curies":[{"name":"wp","href":"https:\/\/api.w.org\/{rel}","templated":true}]}}